{"id":26,"date":"2024-02-06T20:15:02","date_gmt":"2024-02-06T19:15:02","guid":{"rendered":"https:\/\/schuetzenverein-wagenfeld.de\/?p=26"},"modified":"2026-02-20T10:31:31","modified_gmt":"2026-02-20T09:31:31","slug":"vorstand","status":"publish","type":"post","link":"https:\/\/schuetzenverein-wagenfeld.de\/?p=26","title":{"rendered":"Vorstand"},"content":{"rendered":"\n<p><br><strong>1. Pr\u00e4sident &#8212;<\/strong><\/p>\n\n\n\n<p><strong>2. Pr\u00e4sident Thorben Hespos<\/strong><\/p>\n\n\n\n<p><strong>1. Schatzmeister J\u00f6rg Thiry<\/strong><\/p>\n\n\n\n<p><strong>2. Schatzmeister Annalena Kruse<\/strong><\/p>\n\n\n\n<p><strong>1. Schriftf\u00fchrer G\u00fcnter T\u00f6dtemann<\/strong><\/p>\n\n\n\n<p><strong>2. Schriftf\u00fchrer Julia Meyer<\/strong><\/p>\n\n\n\n<p><strong>1. Schie\u00dfwart Hans T\u00f6dtemann<\/strong><\/p>\n\n\n\n<p><strong>2. Schie\u00dfwart Daniel Schwarze<\/strong><\/p>\n\n\n\n<p><strong>3. Schie\u00dfwart Torben Langhorst<\/strong><\/p>\n\n\n\n<p><strong>Musikoffizier G\u00f6ran Detering<\/strong><\/p>\n\n\n\n<p><strong>1. Kommandeur Lars Immenhardt<\/strong><\/p>\n\n\n\n<p><strong>2. Kommandeur Christian Schilbach<\/strong><\/p>\n\n\n\n<p><strong>Technischer Offizier Jan Philipp Thiry<\/strong><\/p>\n\n\n\n<p><strong>Fahnenoffizier Tobias Noethen<\/strong><\/p>\n\n\n\n<p><strong>Spie\u00df Christian Weber<\/strong><\/p>\n\n\n\n<p><strong>Vereinsoffizier Christian B\u00fclker<\/strong><\/p>\n\n\n\n<p><strong>Jugendvertreter Luca Noel Striek und Thies Obenhaus<\/strong><\/p>\n\n\n\n<p><strong>Vertretung Damenschie\u00dfgruppe Claudia Siebrecht<\/strong><\/p>\n","protected":false},"excerpt":{"rendered":"<p>1. Pr\u00e4sident &#8212; 2. Pr\u00e4sident Thorben Hespos 1. Schatzmeister J\u00f6rg Thiry 2. Schatzmeister Annalena Kruse 1. Schriftf\u00fchrer G\u00fcnter T\u00f6dtemann 2. Schriftf\u00fchrer Julia Meyer 1. Schie\u00dfwart Hans T\u00f6dtemann 2. Schie\u00dfwart Daniel Schwarze 3. Schie\u00dfwart Torben Langhorst Musikoffizier G\u00f6ran Detering 1. Kommandeur<\/p>\n","protected":false},"author":1,"featured_media":0,"comment_status":"open","ping_status":"open","sticky":false,"template":"","format":"standard","meta":{"footnotes":""},"categories":[1],"tags":[],"class_list":["post-26","post","type-post","status-publish","format-standard","hentry","category-verein"],"_links":{"self":[{"href":"https:\/\/schuetzenverein-wagenfeld.de\/index.php?rest_route=\/wp\/v2\/posts\/26","targetHints":{"allow":["GET"]}}],"collection":[{"href":"https:\/\/schuetzenverein-wagenfeld.de\/index.php?rest_route=\/wp\/v2\/posts"}],"about":[{"href":"https:\/\/schuetzenverein-wagenfeld.de\/index.php?rest_route=\/wp\/v2\/types\/post"}],"author":[{"embeddable":true,"href":"https:\/\/schuetzenverein-wagenfeld.de\/index.php?rest_route=\/wp\/v2\/users\/1"}],"replies":[{"embeddable":true,"href":"https:\/\/schuetzenverein-wagenfeld.de\/index.php?rest_route=%2Fwp%2Fv2%2Fcomments&post=26"}],"version-history":[{"count":2,"href":"https:\/\/schuetzenverein-wagenfeld.de\/index.php?rest_route=\/wp\/v2\/posts\/26\/revisions"}],"predecessor-version":[{"id":238,"href":"https:\/\/schuetzenverein-wagenfeld.de\/index.php?rest_route=\/wp\/v2\/posts\/26\/revisions\/238"}],"wp:attachment":[{"href":"https:\/\/schuetzenverein-wagenfeld.de\/index.php?rest_route=%2Fwp%2Fv2%2Fmedia&parent=26"}],"wp:term":[{"taxonomy":"category","embeddable":true,"href":"https:\/\/schuetzenverein-wagenfeld.de\/index.php?rest_route=%2Fwp%2Fv2%2Fcategories&post=26"},{"taxonomy":"post_tag","embeddable":true,"href":"https:\/\/schuetzenverein-wagenfeld.de\/index.php?rest_route=%2Fwp%2Fv2%2Ftags&post=26"}],"curies":[{"name":"wp","href":"https:\/\/api.w.org\/{rel}","templated":true}]}}