{"id":92,"date":"2024-05-31T13:46:42","date_gmt":"2024-05-31T12:46:42","guid":{"rendered":"https:\/\/schuetzenverein-wagenfeld.de\/?p=92"},"modified":"2024-05-31T13:46:43","modified_gmt":"2024-05-31T12:46:43","slug":"fahrradflickerabend","status":"publish","type":"post","link":"https:\/\/schuetzenverein-wagenfeld.de\/?p=92","title":{"rendered":"Fahrradflickerabend"},"content":{"rendered":"\n<p>Am vergangenen Mittwoch konnten wir unsere ersten K\u00f6nige f\u00fcr dieses Jahr proklamieren.<\/p>\n\n\n\n<p>Klingelk\u00f6nigin wurde Stefanie Wilke und neuer Fahrradflickerk\u00f6nig wurde SM Andreas Pohl &#8222;der Messerschmied&#8220;.<\/p>\n\n\n\n<p>Auf das es in ca. 6 Wochen genau so einen Andrang um die K\u00f6nigsw\u00fcrden geben m\u00f6ge.<\/p>\n\n\n\n<figure class=\"wp-block-image size-full is-resized\"><img loading=\"lazy\" decoding=\"async\" width=\"720\" height=\"540\" src=\"https:\/\/schuetzenverein-wagenfeld.de\/wp-content\/uploads\/2024\/05\/441875676_835696908598666_7324892312842798563_n.jpg\" alt=\"\" class=\"wp-image-93\" style=\"width:1101px;height:auto\" srcset=\"https:\/\/schuetzenverein-wagenfeld.de\/wp-content\/uploads\/2024\/05\/441875676_835696908598666_7324892312842798563_n.jpg 720w, https:\/\/schuetzenverein-wagenfeld.de\/wp-content\/uploads\/2024\/05\/441875676_835696908598666_7324892312842798563_n-300x225.jpg 300w\" sizes=\"auto, (max-width: 720px) 100vw, 720px\" \/><\/figure>\n","protected":false},"excerpt":{"rendered":"<p>Am vergangenen Mittwoch konnten wir unsere ersten K\u00f6nige f\u00fcr dieses Jahr proklamieren. Klingelk\u00f6nigin wurde Stefanie Wilke und neuer Fahrradflickerk\u00f6nig wurde SM Andreas Pohl &#8222;der Messerschmied&#8220;. Auf das es in ca. 6 Wochen genau so einen Andrang um die K\u00f6nigsw\u00fcrden geben<\/p>\n","protected":false},"author":1,"featured_media":0,"comment_status":"open","ping_status":"open","sticky":false,"template":"","format":"standard","meta":{"footnotes":""},"categories":[4],"tags":[],"class_list":["post-92","post","type-post","status-publish","format-standard","hentry","category-4"],"_links":{"self":[{"href":"https:\/\/schuetzenverein-wagenfeld.de\/index.php?rest_route=\/wp\/v2\/posts\/92","targetHints":{"allow":["GET"]}}],"collection":[{"href":"https:\/\/schuetzenverein-wagenfeld.de\/index.php?rest_route=\/wp\/v2\/posts"}],"about":[{"href":"https:\/\/schuetzenverein-wagenfeld.de\/index.php?rest_route=\/wp\/v2\/types\/post"}],"author":[{"embeddable":true,"href":"https:\/\/schuetzenverein-wagenfeld.de\/index.php?rest_route=\/wp\/v2\/users\/1"}],"replies":[{"embeddable":true,"href":"https:\/\/schuetzenverein-wagenfeld.de\/index.php?rest_route=%2Fwp%2Fv2%2Fcomments&post=92"}],"version-history":[{"count":1,"href":"https:\/\/schuetzenverein-wagenfeld.de\/index.php?rest_route=\/wp\/v2\/posts\/92\/revisions"}],"predecessor-version":[{"id":94,"href":"https:\/\/schuetzenverein-wagenfeld.de\/index.php?rest_route=\/wp\/v2\/posts\/92\/revisions\/94"}],"wp:attachment":[{"href":"https:\/\/schuetzenverein-wagenfeld.de\/index.php?rest_route=%2Fwp%2Fv2%2Fmedia&parent=92"}],"wp:term":[{"taxonomy":"category","embeddable":true,"href":"https:\/\/schuetzenverein-wagenfeld.de\/index.php?rest_route=%2Fwp%2Fv2%2Fcategories&post=92"},{"taxonomy":"post_tag","embeddable":true,"href":"https:\/\/schuetzenverein-wagenfeld.de\/index.php?rest_route=%2Fwp%2Fv2%2Ftags&post=92"}],"curies":[{"name":"wp","href":"https:\/\/api.w.org\/{rel}","templated":true}]}}